{"id":436,"date":"2026-04-30T20:50:45","date_gmt":"2026-04-30T14:50:45","guid":{"rendered":"https:\/\/2025.piensalibre.lat\/?p=436"},"modified":"2026-04-30T20:50:46","modified_gmt":"2026-04-30T14:50:46","slug":"convocatoria-para-la-presentacion-de-ponencias","status":"publish","type":"post","link":"https:\/\/piensalibre.lat\/index.php\/2026\/04\/30\/convocatoria-para-la-presentacion-de-ponencias\/","title":{"rendered":"Convocatoria para la presentaci\u00f3n de ponencias"},"content":{"rendered":"\n<h2 class=\"wp-block-heading\">Convocatoria para la presentaci\u00f3n de ponencias<\/h2>\n\n\n\n<h3 class=\"wp-block-heading\">Costa Rica ser\u00e1 la sede del 4\u00b0 Encuentro Latinoamericano de Librepensamiento en 2026<br><\/h3>\n\n\n\n<p>SAN JOS\u00c9, COSTA RICA \u2013 La Asociaci\u00f3n Costarricense Humanista Secular (ACOHUSE) se complace en anunciar que Costa Rica ha sido designada como la sede anfitriona del 4\u00b0 Encuentro Latinoamericano de Librepensamiento. ACOHUSE es la organizaci\u00f3n anfitriona encargada de la realizaci\u00f3n de este congreso.<\/p>\n\n\n\n<p>El encuentro tiene como objetivo principal reunir a pensadores para intercambiar ideas y promover una sociedad m\u00e1s justa, centrada en el ser humano y el libre pensamiento, alej\u00e1ndose de orientaciones religiosas o deidades. La organizaci\u00f3n busca consolidar una agenda com\u00fan entre pa\u00edses y organizaciones interesadas en el progreso del humanismo secular en la regi\u00f3n.<\/p>\n\n\n\n<p>ACOHUSE ha abierto oficialmente la convocatoria para la presentaci\u00f3n de ponencias. Se invita a los interesados a enviar sus propuestas, ya sean individuales o paneles de discusi\u00f3n. Las ponencias deben tener una extensi\u00f3n m\u00e1xima de 25 p\u00e1ginas y estar dise\u00f1adas para una exposici\u00f3n no mayor a 25 minutos. La fecha l\u00edmite para la recepci\u00f3n de trabajos es el 30 de septiembre de 2026.<\/p>\n\n\n\n<h3 class=\"wp-block-heading\">Ejes Tem\u00e1ticos y Convocatoria<\/h3>\n\n\n\n<p>El programa del encuentro se desarrollar\u00e1 en tres \u00e1reas generales, asignando un eje tem\u00e1tico por d\u00eda:<\/p>\n\n\n\n<ul class=\"wp-block-list\">\n<li><strong>Humanismo Secular y Filosof\u00eda:<\/strong>\u00a0Se abordar\u00e1 el concepto hist\u00f3rico, el impacto de fil\u00f3sofos humanistas en Latinoam\u00e9rica y las diferencias con el nihilismo y el existencialismo ateo.<\/li>\n\n\n\n<li><strong>Humanismo Secular y Religi\u00f3n:<\/strong>\u00a0Se discutir\u00e1n las relaciones entre ciencia, religi\u00f3n y humanismo, as\u00ed como temas de vanguardia como el transhumanismo y el rol de la Inteligencia Artificial.<\/li>\n\n\n\n<li><strong>Humanismo Secular y Pol\u00edtica:<\/strong>\u00a0Se analizar\u00e1 el Estado Laico, los Derechos Humanos y debates \u00e9ticos cruciales como la eutanasia y el derecho a una muerte digna.<br><\/li>\n<\/ul>\n\n\n\n<h3 class=\"wp-block-heading\">Detalles de Participaci\u00f3n<\/h3>\n\n\n\n<p>Aquellas personas interesadas en asistir, ya sea como ponentes u oyentes, deben confirmar su participaci\u00f3n antes del&nbsp;<strong>30 de junio de 2026<\/strong>. La organizaci\u00f3n cubrir\u00e1 el transporte del aeropuerto al hotel, as\u00ed como una recepci\u00f3n de apertura y un c\u00f3ctel de cierre; los participantes ser\u00e1n responsables de sus costos de alojamiento, alimentaci\u00f3n y transporte a\u00e9reo. Adem\u00e1s, se ofrecer\u00e1n opciones de turismo receptivo para quienes deseen extender su estad\u00eda.<\/p>\n\n\n\n<p>Las propuestas de ponencias deben enviarse para su revisi\u00f3n y aprobaci\u00f3n al correo electr\u00f3nico:&nbsp;<strong>coordinacion@piensalibre.lat<\/strong><br><br>Contacto de Prensa, coordinaci\u00f3n y consultas v\u00eda WhatsApp:<br>Reiner Retana: +506 6036 7353<br>Claudio Ansorena: +506 8391 1911<\/p>\n\n\n\n<p><\/p>\n\n\n","protected":false},"excerpt":{"rendered":"<p>Convocatoria para la presentaci\u00f3n de ponencias Costa Rica ser\u00e1 la sede del 4\u00b0 Encuentro Latinoamericano de Librepensamiento en<\/p>\n","protected":false},"author":2,"featured_media":0,"comment_status":"open","ping_status":"open","sticky":false,"template":"","format":"standard","meta":{"ngg_post_thumbnail":0,"footnotes":""},"categories":[5],"tags":[],"class_list":["post-436","post","type-post","status-publish","format-standard","hentry","category-eventos"],"_links":{"self":[{"href":"https:\/\/piensalibre.lat\/index.php\/wp-json\/wp\/v2\/posts\/436","targetHints":{"allow":["GET"]}}],"collection":[{"href":"https:\/\/piensalibre.lat\/index.php\/wp-json\/wp\/v2\/posts"}],"about":[{"href":"https:\/\/piensalibre.lat\/index.php\/wp-json\/wp\/v2\/types\/post"}],"author":[{"embeddable":true,"href":"https:\/\/piensalibre.lat\/index.php\/wp-json\/wp\/v2\/users\/2"}],"replies":[{"embeddable":true,"href":"https:\/\/piensalibre.lat\/index.php\/wp-json\/wp\/v2\/comments?post=436"}],"version-history":[{"count":0,"href":"https:\/\/piensalibre.lat\/index.php\/wp-json\/wp\/v2\/posts\/436\/revisions"}],"wp:attachment":[{"href":"https:\/\/piensalibre.lat\/index.php\/wp-json\/wp\/v2\/media?parent=436"}],"wp:term":[{"taxonomy":"category","embeddable":true,"href":"https:\/\/piensalibre.lat\/index.php\/wp-json\/wp\/v2\/categories?post=436"},{"taxonomy":"post_tag","embeddable":true,"href":"https:\/\/piensalibre.lat\/index.php\/wp-json\/wp\/v2\/tags?post=436"}],"curies":[{"name":"wp","href":"https:\/\/api.w.org\/{rel}","templated":true}]}}